{"id":13617,"date":"2024-12-31T23:21:41","date_gmt":"2024-12-31T23:21:41","guid":{"rendered":"https:\/\/alertasaltillo.com\/?p=13617"},"modified":"2024-12-31T23:22:15","modified_gmt":"2024-12-31T23:22:15","slug":"alistan-homenajes-para-jimmy-carter-banderas-a-media-asta-por-un-mes","status":"publish","type":"post","link":"https:\/\/alertasaltillo.com\/index.php\/2024\/12\/31\/alistan-homenajes-para-jimmy-carter-banderas-a-media-asta-por-un-mes\/","title":{"rendered":"ALISTAN HOMENAJES PARA JIMMY CARTER; BANDERAS A MEDIA ASTA POR UN MES"},"content":{"rendered":"\n<p>El pr\u00f3ximo 9 de enero, Joe Biden encabezar\u00e1 una ceremonia para el exmandatario fallecido<\/p>\n\n\n\n<p>El&nbsp;<strong>presidente de Estados Unidos,<a href=\"https:\/\/www.excelsior.com.mx\/joe-biden\">&nbsp;Joe Biden<\/a>,<\/strong>&nbsp;declar\u00f3&nbsp;<strong>d\u00eda de luto nacional el 9 de enero<\/strong>&nbsp;<strong>en honor<\/strong>&nbsp;al exmandatario&nbsp;<strong>Jimmy Carter<\/strong>, quien muri\u00f3 el domingo pasado a los cien a\u00f1os.<\/p>\n\n\n\n<p>Adem\u00e1s, el mandatario saliente orden\u00f3 que las\u00a0<strong>banderas estadunidenses ondeen a media asta durante un mes<\/strong>\u00a0en todos los edificios gubernamentales.<\/p>\n\n\n\n<p>Eso quiere decir que\u00a0<strong>durante la toma de protesta<\/strong>\u00a0del presidente electo republicano\u00a0<strong>Donald Trump seguir\u00e1n a la mitad<\/strong>.<\/p>\n\n\n\n<p><strong>Llamo a todos aquellos que buscan saber qu\u00e9 significa vivir una vida que tiene prop\u00f3sito y significado a estudiar la figura de Jimmy Carter, un hombre de principios, fe y humildad\u201d, afirm\u00f3 Biden.<\/strong><\/p>\n\n\n\n<p>De acuerdo con el peri\u00f3dico\u00a0<em>The New York Times<\/em>, el pr\u00f3ximo\u00a0<strong>9 de enero se celebrar\u00e1 una ceremonia<\/strong>\u00a0en la\u00a0<strong>Catedral Nacional<\/strong>\u00a0<strong>de Washington<\/strong>\u00a0en la que Joe Biden pronunciar\u00e1 una oraci\u00f3n.<\/p>\n\n\n\n<p>Con Informaci\u00f3n tomada de EXCELSIOR<\/p>\n","protected":false},"excerpt":{"rendered":"<p>El pr\u00f3ximo 9 de enero, Joe Biden encabezar\u00e1 una ceremonia para el exmandatario fallecido El&nbsp;presidente de Estados Unidos,&nbsp;Joe Biden,&nbsp;declar\u00f3&nbsp;d\u00eda de luto nacional el 9 de enero&nbsp;en honor&nbsp;al exmandatario&nbsp;Jimmy Carter, quien muri\u00f3 el domingo pasado a los cien a\u00f1os. Adem\u00e1s, el mandatario saliente orden\u00f3 que las\u00a0banderas estadunidenses ondeen a media asta durante un mes\u00a0en todos los [&hellip;]<\/p>\n","protected":false},"author":4,"featured_media":13618,"comment_status":"open","ping_status":"open","sticky":false,"template":"","format":"standard","meta":[],"categories":[186],"tags":[],"_links":{"self":[{"href":"https:\/\/alertasaltillo.com\/index.php\/wp-json\/wp\/v2\/posts\/13617"}],"collection":[{"href":"https:\/\/alertasaltillo.com\/index.php\/wp-json\/wp\/v2\/posts"}],"about":[{"href":"https:\/\/alertasaltillo.com\/index.php\/wp-json\/wp\/v2\/types\/post"}],"author":[{"embeddable":true,"href":"https:\/\/alertasaltillo.com\/index.php\/wp-json\/wp\/v2\/users\/4"}],"replies":[{"embeddable":true,"href":"https:\/\/alertasaltillo.com\/index.php\/wp-json\/wp\/v2\/comments?post=13617"}],"version-history":[{"count":1,"href":"https:\/\/alertasaltillo.com\/index.php\/wp-json\/wp\/v2\/posts\/13617\/revisions"}],"predecessor-version":[{"id":13619,"href":"https:\/\/alertasaltillo.com\/index.php\/wp-json\/wp\/v2\/posts\/13617\/revisions\/13619"}],"wp:featuredmedia":[{"embeddable":true,"href":"https:\/\/alertasaltillo.com\/index.php\/wp-json\/wp\/v2\/media\/13618"}],"wp:attachment":[{"href":"https:\/\/alertasaltillo.com\/index.php\/wp-json\/wp\/v2\/media?parent=13617"}],"wp:term":[{"taxonomy":"category","embeddable":true,"href":"https:\/\/alertasaltillo.com\/index.php\/wp-json\/wp\/v2\/categories?post=13617"},{"taxonomy":"post_tag","embeddable":true,"href":"https:\/\/alertasaltillo.com\/index.php\/wp-json\/wp\/v2\/tags?post=13617"}],"curies":[{"name":"wp","href":"https:\/\/api.w.org\/{rel}","templated":true}]}}