{"id":13582,"date":"2024-12-30T21:43:44","date_gmt":"2024-12-30T21:43:44","guid":{"rendered":"https:\/\/alertasaltillo.com\/?p=13582"},"modified":"2024-12-30T21:45:28","modified_gmt":"2024-12-30T21:45:28","slug":"otro-accidente-de-avion-canada-se-suma-a-incidetnes-aereos-en-el-mundo","status":"publish","type":"post","link":"https:\/\/alertasaltillo.com\/index.php\/2024\/12\/30\/otro-accidente-de-avion-canada-se-suma-a-incidetnes-aereos-en-el-mundo\/","title":{"rendered":"OTRO ACCIDENTE DE AVI\u00d3N: CANADA SE SUMA A INCIDENTES A\u00c9REOS EN EL MUNDO"},"content":{"rendered":"\n<p>Este domingo se report\u00f3 un incidente m\u00e1s de aeronaves en el mundo luego que<strong>&nbsp;<a href=\"https:\/\/www.reporteindigo.com\/latitud\/corea-del-sur-asi-se-estrello-el-avion-con-175-pasajeros-contra-muro-del-aeropuerto-de-muan-video\/\" target=\"_blank\" rel=\"noreferrer noopener\">un avi\u00f3n&nbsp;<\/a>en Canad\u00e1 cay\u00f3 estrepitosamente durante su aterrizaje<\/strong>&nbsp;debido a un problema que todav\u00eda no se identifica.<\/p>\n\n\n\n<p>De acuerdo con el portavoz de Air Canada, Peter Fitzpatrick, un Bombardier Q400 experiment\u00f3 un \u201c<strong>problema sospechoso con el tren de aterrizaje<\/strong>\u201d por lo que no pudo llegar a la terminal.<\/p>\n\n\n\n<p>El avi\u00f3n de Air Canada Express, vuelo 2259, llegaba desde St. John\u2019s hacia el Aeropuerto Internacional de Halifax Stanfield, en Canad\u00e1.<\/p>\n\n\n\n<p>Sin embargo,&nbsp;<strong>el ala derecha de<a href=\"https:\/\/www.reporteindigo.com\/latitud\/corea-del-sur-179-muertos-confirmados-en-accidente-aereo\/\" target=\"_blank\" rel=\"noreferrer noopener\">&nbsp;la aeronave<\/a>&nbsp;roz\u00f3 la pista y gener\u00f3 chispas y llamas<\/strong>; no obstante, los 58 ocupantes fueron evacuados de manera segura y \u00fanicamente se reportaron heridas leves.<\/p>\n\n\n\n<p>Por lo anterior es que el Aeropuerto Internacional de Halifax Stanfield cerr\u00f3 temporalmente una de sus pistas, con lo que&nbsp;<strong>se suma a los incidentes de aviones en el mundo<\/strong>.<\/p>\n\n\n\n<p>Con Informaci\u00f3n tomada de REPORTE INDIGO<\/p>\n","protected":false},"excerpt":{"rendered":"<p>Este domingo se report\u00f3 un incidente m\u00e1s de aeronaves en el mundo luego que&nbsp;un avi\u00f3n&nbsp;en Canad\u00e1 cay\u00f3 estrepitosamente durante su aterrizaje&nbsp;debido a un problema que todav\u00eda no se identifica. De acuerdo con el portavoz de Air Canada, Peter Fitzpatrick, un Bombardier Q400 experiment\u00f3 un \u201cproblema sospechoso con el tren de aterrizaje\u201d por lo que no [&hellip;]<\/p>\n","protected":false},"author":4,"featured_media":13583,"comment_status":"open","ping_status":"open","sticky":false,"template":"","format":"standard","meta":[],"categories":[186],"tags":[],"_links":{"self":[{"href":"https:\/\/alertasaltillo.com\/index.php\/wp-json\/wp\/v2\/posts\/13582"}],"collection":[{"href":"https:\/\/alertasaltillo.com\/index.php\/wp-json\/wp\/v2\/posts"}],"about":[{"href":"https:\/\/alertasaltillo.com\/index.php\/wp-json\/wp\/v2\/types\/post"}],"author":[{"embeddable":true,"href":"https:\/\/alertasaltillo.com\/index.php\/wp-json\/wp\/v2\/users\/4"}],"replies":[{"embeddable":true,"href":"https:\/\/alertasaltillo.com\/index.php\/wp-json\/wp\/v2\/comments?post=13582"}],"version-history":[{"count":2,"href":"https:\/\/alertasaltillo.com\/index.php\/wp-json\/wp\/v2\/posts\/13582\/revisions"}],"predecessor-version":[{"id":13586,"href":"https:\/\/alertasaltillo.com\/index.php\/wp-json\/wp\/v2\/posts\/13582\/revisions\/13586"}],"wp:featuredmedia":[{"embeddable":true,"href":"https:\/\/alertasaltillo.com\/index.php\/wp-json\/wp\/v2\/media\/13583"}],"wp:attachment":[{"href":"https:\/\/alertasaltillo.com\/index.php\/wp-json\/wp\/v2\/media?parent=13582"}],"wp:term":[{"taxonomy":"category","embeddable":true,"href":"https:\/\/alertasaltillo.com\/index.php\/wp-json\/wp\/v2\/categories?post=13582"},{"taxonomy":"post_tag","embeddable":true,"href":"https:\/\/alertasaltillo.com\/index.php\/wp-json\/wp\/v2\/tags?post=13582"}],"curies":[{"name":"wp","href":"https:\/\/api.w.org\/{rel}","templated":true}]}}