{"id":13509,"date":"2024-12-27T02:51:09","date_gmt":"2024-12-27T02:51:09","guid":{"rendered":"https:\/\/alertasaltillo.com\/?p=13509"},"modified":"2024-12-27T02:51:12","modified_gmt":"2024-12-27T02:51:12","slug":"coloca-papa-francisco-al-nino-dios-en-el-nacimiento-del-vaticano","status":"publish","type":"post","link":"https:\/\/alertasaltillo.com\/index.php\/2024\/12\/27\/coloca-papa-francisco-al-nino-dios-en-el-nacimiento-del-vaticano\/","title":{"rendered":"COLOCA PAPA FRANCISCO AL NI\u00d1O DIOS EN EL NACIMIENTO DEL VATICANO"},"content":{"rendered":"\n<p><\/p>\n\n\n\n<p>Ciudad del Vaticano; 24 de diciembre de 2024.- Durante la celebraci\u00f3n de la Santa Misa de Nochebuena y Natividad del Se\u00f1or y la Apertura de la Puerta Santa, su Santidad, el Papa Francisco, coloc\u00f3 la figura del Ni\u00f1o Dios en el Nacimiento de la Bas\u00edlica de San Pedro, el cual fue montado por el estado de Coahuila como parte de las actividades de la Navidad Mexicana en el Vaticano.&nbsp;<\/p>\n\n\n\n<p>Despu\u00e9s de la Homil\u00eda, el Papa Francisco se traslad\u00f3 hasta el Nacimiento, en donde fue colocada la figura del Ni\u00f1o Dios en el Pesebre de la Bas\u00edlica Vaticana, en donde su Santidad realiz\u00f3 una oraci\u00f3n junto a ni\u00f1as y ni\u00f1os representantes de diversos pa\u00edses, quienes colocaron adem\u00e1s una ofrenda floral en el Nacimiento.&nbsp;<\/p>\n\n\n\n<p>De esta manera, la cultura mexicana y coahuilense se hizo presente en la celebraci\u00f3n lit\u00fargica m\u00e1s importante a nivel mundial dentro del catolicismo.&nbsp;<\/p>\n\n\n\n<p>Desde el pasado 08 de diciembre fue inaugurado el Nacimiento de la Bas\u00edlica de San Pedro, que fue colocado por el estado de Coahuila como parte de las actividades de la Navidad Mexicana en el Vaticano, siendo \u00e9ste, el primer Nacimiento montado por un pa\u00eds extranjero, en este caso M\u00e9xico, representado por Coahuila.&nbsp;<\/p>\n\n\n\n<p>Con la apertura de la Puerta Santa se dio inicio a las actividades del Jubileo 2025.<\/p>\n","protected":false},"excerpt":{"rendered":"<p>Ciudad del Vaticano; 24 de diciembre de 2024.- Durante la celebraci\u00f3n de la Santa Misa de Nochebuena y Natividad del Se\u00f1or y la Apertura de la Puerta Santa, su Santidad, el Papa Francisco, coloc\u00f3 la figura del Ni\u00f1o Dios en el Nacimiento de la Bas\u00edlica de San Pedro, el cual fue montado por el estado [&hellip;]<\/p>\n","protected":false},"author":4,"featured_media":13510,"comment_status":"open","ping_status":"open","sticky":false,"template":"","format":"standard","meta":[],"categories":[186],"tags":[],"_links":{"self":[{"href":"https:\/\/alertasaltillo.com\/index.php\/wp-json\/wp\/v2\/posts\/13509"}],"collection":[{"href":"https:\/\/alertasaltillo.com\/index.php\/wp-json\/wp\/v2\/posts"}],"about":[{"href":"https:\/\/alertasaltillo.com\/index.php\/wp-json\/wp\/v2\/types\/post"}],"author":[{"embeddable":true,"href":"https:\/\/alertasaltillo.com\/index.php\/wp-json\/wp\/v2\/users\/4"}],"replies":[{"embeddable":true,"href":"https:\/\/alertasaltillo.com\/index.php\/wp-json\/wp\/v2\/comments?post=13509"}],"version-history":[{"count":1,"href":"https:\/\/alertasaltillo.com\/index.php\/wp-json\/wp\/v2\/posts\/13509\/revisions"}],"predecessor-version":[{"id":13511,"href":"https:\/\/alertasaltillo.com\/index.php\/wp-json\/wp\/v2\/posts\/13509\/revisions\/13511"}],"wp:featuredmedia":[{"embeddable":true,"href":"https:\/\/alertasaltillo.com\/index.php\/wp-json\/wp\/v2\/media\/13510"}],"wp:attachment":[{"href":"https:\/\/alertasaltillo.com\/index.php\/wp-json\/wp\/v2\/media?parent=13509"}],"wp:term":[{"taxonomy":"category","embeddable":true,"href":"https:\/\/alertasaltillo.com\/index.php\/wp-json\/wp\/v2\/categories?post=13509"},{"taxonomy":"post_tag","embeddable":true,"href":"https:\/\/alertasaltillo.com\/index.php\/wp-json\/wp\/v2\/tags?post=13509"}],"curies":[{"name":"wp","href":"https:\/\/api.w.org\/{rel}","templated":true}]}}