{"id":13487,"date":"2024-12-24T17:06:06","date_gmt":"2024-12-24T17:06:06","guid":{"rendered":"https:\/\/alertasaltillo.com\/?p=13487"},"modified":"2024-12-24T17:06:09","modified_gmt":"2024-12-24T17:06:09","slug":"brilla-coahuila-en-la-navidad-mexicana-en-el-vaticano","status":"publish","type":"post","link":"https:\/\/alertasaltillo.com\/index.php\/2024\/12\/24\/brilla-coahuila-en-la-navidad-mexicana-en-el-vaticano\/","title":{"rendered":"BRILLA COAHUILA EN LA NAVIDAD MEXICANA EN EL VATICANO"},"content":{"rendered":"\n<p>Saltillo, Coahuila de Zaragoza; a 23 de diciembre de 2024.- Desde el pasado 08 de diciembre el nombre de Coahuila resalta en la Santa Sede, pues al ser el estado invitado a celebrar la Navidad Mexicana en el Vaticano, ha llevado la grandeza cultural y gastron\u00f3mica a uno de los puntos m\u00e1s visitados a nivel mundial.&nbsp;<\/p>\n\n\n\n<p>Gracias a este proyecto, Coahuila represent\u00f3 a M\u00e9xico como el primer pa\u00eds extranjero que coloca un nacimiento dentro de la Bas\u00edlica de San Pedro, pues el montaje de la representaci\u00f3n del nacimiento de Jes\u00fas siempre hab\u00eda estado en manos de artistas italianos, y hoy el nacimiento cuenta con la cultura mexicana, adem\u00e1s de la representaci\u00f3n del tradicional Sarape y un retablo con la imagen de la Catedral de Santiago de Saltillo.&nbsp;<\/p>\n\n\n\n<p>Hasta este a\u00f1o, los nacimientos que se instalaban en este lugar eran de origen italiano. El altar a Gregorio Magno fue el sitio designado para el Nacimiento coahuilense.<\/p>\n\n\n\n<p>Navidad Mexicana en el Vaticano consiste en montar un nacimiento y un \u00e1rbol de navidad decorado con diversas artesan\u00edas del estado y una exposici\u00f3n fotogr\u00e1fica que muestre los lugares, tradiciones, artesan\u00edas y gastronom\u00eda del estado invitado.<\/p>\n\n\n\n<p>En esta ocasi\u00f3n, como s\u00edmbolo de este intercambio cultural y en coordinaci\u00f3n con empresarios coahuilenses, se instal\u00f3 el emblem\u00e1tico \u00c1rbol Villamagia, cuya presencia es un homenaje a la conexi\u00f3n espiritual y cultural entre nuestras tierras, y que desde el a\u00f1o pasado se instala tambi\u00e9n en todas las regiones de Coahuila.&nbsp;<\/p>\n\n\n\n<p>\u201cEstamos contentos por la instalaci\u00f3n de este nacimiento que tiene s\u00edmbolos de nuestro estado, como lo es el sarape y la catedral de Saltillo\u201d, mencion\u00f3 el gobernador Manolo Jim\u00e9nez Salinas.<\/p>\n\n\n\n<p>El gobernador de Coahuila record\u00f3 que en la inauguraci\u00f3n del Nacimiento Coahuilense se presentaron los matlachines de la Virgen de la Medalla Milagrosa de Torre\u00f3n; se instal\u00f3 el nacimiento principal con im\u00e1genes de la Catedral de Saltillo y nuestro sarape; se hizo una r\u00e9plica del \u00e1rbol navide\u00f1o de Villamagia.<\/p>\n\n\n\n<p>Adem\u00e1s, se llev\u00f3 a cabo una exposici\u00f3n \u201cSorpr\u00e9ndete con Coahuila\u201d, con los atractivos tur\u00edsticos y gastron\u00f3micos de nuestro estado.<\/p>\n\n\n\n<p>Durante su estancia en Roma, en donde asisti\u00f3 a las actividades agendadas por la instalaci\u00f3n del este nacimiento coahuilense, el Mandatario estatal fue entrevistado por el medio Vatican News, a quien comparti\u00f3 su agrado por este hito.<\/p>\n\n\n\n<p>\u201cPor primera vez se est\u00e1 haciendo esta actividad al interior de la Bas\u00edlica de San Pedro, y le toca a Coahuila ser el primer estado que entra a \u00e9sta que es la iglesia m\u00e1s importante del mundo\u201d, mencion\u00f3.<\/p>\n\n\n\n<p>Manolo Jim\u00e9nez se\u00f1al\u00f3 que, adem\u00e1s de compartir la cultura de Coahuila, en la parte de afuera de la bas\u00edlica se instal\u00f3 el pino Navide\u00f1o junto a im\u00e1genes representativas de lugares tur\u00edsticos y gastron\u00f3micos de Coahuila.<\/p>\n\n\n\n<p>\u201cPor lo que, en este a\u00f1o que inicia el a\u00f1o del Jubileo, millones de personas de todas partes del mundo estar\u00e1n visitando el Vaticano, y Coahuila est\u00e1 presente, y eso nos da mucho orgullo\u201d, expres\u00f3.<\/p>\n\n\n\n<p>Jim\u00e9nez Salinas coment\u00f3 que este proyecto tiene una participaci\u00f3n muy importante de empresarias y empresarios de Coahuila; y que, adem\u00e1s, se tuvo una muestra gastron\u00f3mica para compartir parte de nuestra cultura gastron\u00f3mica.<\/p>\n\n\n\n<p>\u201cDe parte de Coahuila, un agradecimiento a todos los organizadores y a los empresarios que lo hicieron posible; es una gran exhibici\u00f3n. A la gente de todo el mundo los invitamos a que conozca nuestro pino de Villamagia, nuestra cultura, nuestra gastronom\u00eda, el turismo\u201d, se\u00f1al\u00f3 el gobernador Manolo Jim\u00e9nez.<\/p>\n\n\n\n<p>Al concluir las fiestas navide\u00f1as, este maravilloso nacimiento continuar\u00e1 exhibi\u00e9ndose en alguna iglesia Romana o Vaticana.<\/p>\n\n\n\n<p>El Obispo de la Di\u00f3cesis de Saltillo, Monse\u00f1or Hilario Gonz\u00e1lez Garc\u00eda, quien fue parte de la delegaci\u00f3n coahuilense en este gran acontecimiento en El Vaticano, mencion\u00f3 que esta visita \u201cfue una experiencia muy bella, desde el punto de vista religioso, como pastor, como cabeza de esta di\u00f3cesis\u201d.&nbsp;<\/p>\n\n\n\n<p>Mencion\u00f3 que fue una oportunidad muy buena, que no se hab\u00eda dado, que un nacimiento mexicano estuviera presente dentro del Vaticano.&nbsp;<\/p>\n\n\n\n<p>\u201cUn momento muy bonito fue la audiencia con el Papa, una audiencia general; fue la oportunidad para saludarlo y desearle una Feliz Navidad. Le entregamos un regalo sobre la catedral, \u2018La Fe Hecha Monumento\u2019, y mand\u00f3 sus bendiciones para todo el pueblo de Coahuila\u201d, dijo.&nbsp;<\/p>\n\n\n\n<p>Adem\u00e1s, agradeci\u00f3 el que les permitieran celebrar la misa en el altar que se llama de la Confesi\u00f3n de Pedro, \u201cfue un regalo de Dios para nuestra di\u00f3cesis, y hubo gente de todo el mundo en esa misa\u201d, mencion\u00f3 el Obispo Hilario Gonz\u00e1lez.<\/p>\n\n\n\n<p>El sitio Vatican News menciona que en el estado de Coahuila, la petici\u00f3n de posada, celebraci\u00f3n tradicional mexicana que recrea el peregrinaje de Mar\u00eda y Jos\u00e9 en busca de refugio antes del nacimiento de Jes\u00fas, por parte de los matlachines, destaca porque mezcla con orgullo las tradiciones aut\u00f3ctonas y las ense\u00f1anzas cat\u00f3licas, dando como resultado una expresi\u00f3n \u00fanica de identidad cultural en el pa\u00eds.<\/p>\n\n\n\n<p>\u201cEn este marco, el cardenal Mauro Gambetti, arcipreste de la Bas\u00edlica de San Pedro, destac\u00f3 la fe popular mexicana y la riqueza cultural de M\u00e9xico\u201d.<\/p>\n\n\n\n<p>Es la primera vez que el Vaticano concede a otro pa\u00eds la instalaci\u00f3n del Nacimiento en la Bas\u00edlica de San Pedro, el cual fue instalado por el estado de Coahuila y en el que est\u00e1n representados la cultura mexicana, el tradicional Sarape y un retablo con la imagen de la Catedral de Santiago de Saltillo. En su inauguraci\u00f3n danz\u00f3 el grupo de matlachines de la Virgen de la Medalla Milagrosa de Torre\u00f3n.<\/p>\n\n\n\n<p>Adem\u00e1s, en el exterior se instal\u00f3 el \u00e1rbol de Villamagia y una exposici\u00f3n de \u201cSorpr\u00e9ndete con Coahuila\u201d, con los atractivos tur\u00edsticos y gastron\u00f3micos de nuestro estado. Al concluir las fiestas navide\u00f1as, el nacimiento continuar\u00e1 exhibi\u00e9ndose en alguna iglesia Romana o Vaticana.<\/p>\n\n\n\n<p><\/p>\n","protected":false},"excerpt":{"rendered":"<p>Saltillo, Coahuila de Zaragoza; a 23 de diciembre de 2024.- Desde el pasado 08 de diciembre el nombre de Coahuila resalta en la Santa Sede, pues al ser el estado invitado a celebrar la Navidad Mexicana en el Vaticano, ha llevado la grandeza cultural y gastron\u00f3mica a uno de los puntos m\u00e1s visitados a nivel [&hellip;]<\/p>\n","protected":false},"author":4,"featured_media":13488,"comment_status":"open","ping_status":"open","sticky":false,"template":"","format":"standard","meta":[],"categories":[4],"tags":[],"_links":{"self":[{"href":"https:\/\/alertasaltillo.com\/index.php\/wp-json\/wp\/v2\/posts\/13487"}],"collection":[{"href":"https:\/\/alertasaltillo.com\/index.php\/wp-json\/wp\/v2\/posts"}],"about":[{"href":"https:\/\/alertasaltillo.com\/index.php\/wp-json\/wp\/v2\/types\/post"}],"author":[{"embeddable":true,"href":"https:\/\/alertasaltillo.com\/index.php\/wp-json\/wp\/v2\/users\/4"}],"replies":[{"embeddable":true,"href":"https:\/\/alertasaltillo.com\/index.php\/wp-json\/wp\/v2\/comments?post=13487"}],"version-history":[{"count":1,"href":"https:\/\/alertasaltillo.com\/index.php\/wp-json\/wp\/v2\/posts\/13487\/revisions"}],"predecessor-version":[{"id":13489,"href":"https:\/\/alertasaltillo.com\/index.php\/wp-json\/wp\/v2\/posts\/13487\/revisions\/13489"}],"wp:featuredmedia":[{"embeddable":true,"href":"https:\/\/alertasaltillo.com\/index.php\/wp-json\/wp\/v2\/media\/13488"}],"wp:attachment":[{"href":"https:\/\/alertasaltillo.com\/index.php\/wp-json\/wp\/v2\/media?parent=13487"}],"wp:term":[{"taxonomy":"category","embeddable":true,"href":"https:\/\/alertasaltillo.com\/index.php\/wp-json\/wp\/v2\/categories?post=13487"},{"taxonomy":"post_tag","embeddable":true,"href":"https:\/\/alertasaltillo.com\/index.php\/wp-json\/wp\/v2\/tags?post=13487"}],"curies":[{"name":"wp","href":"https:\/\/api.w.org\/{rel}","templated":true}]}}