{"id":13338,"date":"2024-12-16T01:26:48","date_gmt":"2024-12-16T01:26:48","guid":{"rendered":"https:\/\/alertasaltillo.com\/?p=13338"},"modified":"2024-12-16T01:26:51","modified_gmt":"2024-12-16T01:26:51","slug":"calculan-cientos-de-muertos-en-el-territorio-frances-de-mayotte-al-paso-del-ciclon-chido","status":"publish","type":"post","link":"https:\/\/alertasaltillo.com\/index.php\/2024\/12\/16\/calculan-cientos-de-muertos-en-el-territorio-frances-de-mayotte-al-paso-del-ciclon-chido\/","title":{"rendered":"CALCULAN CIENTOS DE MUERTOS EN EL TERRITORIO FRANC\u00c9S DE MAYOTTE AL PASO DEL CICL\u00d3N CHIDO"},"content":{"rendered":"\n<p>El n\u00famero de muertos en el territorio franc\u00e9s de Mayotte a causa del&nbsp;<strong>cicl\u00f3n Chido<\/strong>&nbsp;podr\u00eda llegar a&nbsp;<strong>1,000<\/strong>, inform\u00f3 el principal funcionario gubernamental de la isla el domingo.<\/p>\n\n\n\n<p>El prefecto Fran\u00e7ois-Xavier Bieuville dijo a la estaci\u00f3n de televisi\u00f3n Mayotte La 1\u00e8re que<em><strong>&nbsp;\u201ccreo que hay varios cientos de muertos, tal vez nos acerquemos a mil\u201d.<\/strong><\/em><\/p>\n\n\n\n<p>Explic\u00f3 que era \u201c<strong><em>extremadamente dif\u00edcil\u201d<\/em><\/strong>\u00a0obtener un n\u00famero exacto en este momento despu\u00e9s de que las islas del oc\u00e9ano \u00cdndico fueran azotadas por el intenso cicl\u00f3n tropical el s\u00e1bado, causando una destrucci\u00f3n generalizada.<\/p>\n\n\n\n<p>Mayotte, en el sureste del oc\u00e9ano \u00cdndico frente a la costa de \u00c1frica, es la isla m\u00e1s pobre de Francia y el territorio m\u00e1s pobre de la Uni\u00f3n Europea.<\/p>\n\n\n\n<p>El cicl\u00f3n tropical intenso toc\u00f3 tierra en la costa este de \u00c1frica, donde las agencias de ayuda advierten sobre m\u00e1s p\u00e9rdidas de vidas y da\u00f1os severos en el norte de Mozambique.<\/p>\n\n\n\n<p>Con Informaci\u00f3n tomada de EL DIARIO DE COAHUILA<\/p>\n","protected":false},"excerpt":{"rendered":"<p>El n\u00famero de muertos en el territorio franc\u00e9s de Mayotte a causa del&nbsp;cicl\u00f3n Chido&nbsp;podr\u00eda llegar a&nbsp;1,000, inform\u00f3 el principal funcionario gubernamental de la isla el domingo. El prefecto Fran\u00e7ois-Xavier Bieuville dijo a la estaci\u00f3n de televisi\u00f3n Mayotte La 1\u00e8re que&nbsp;\u201ccreo que hay varios cientos de muertos, tal vez nos acerquemos a mil\u201d. Explic\u00f3 que era [&hellip;]<\/p>\n","protected":false},"author":4,"featured_media":13339,"comment_status":"open","ping_status":"open","sticky":false,"template":"","format":"standard","meta":[],"categories":[186],"tags":[],"_links":{"self":[{"href":"https:\/\/alertasaltillo.com\/index.php\/wp-json\/wp\/v2\/posts\/13338"}],"collection":[{"href":"https:\/\/alertasaltillo.com\/index.php\/wp-json\/wp\/v2\/posts"}],"about":[{"href":"https:\/\/alertasaltillo.com\/index.php\/wp-json\/wp\/v2\/types\/post"}],"author":[{"embeddable":true,"href":"https:\/\/alertasaltillo.com\/index.php\/wp-json\/wp\/v2\/users\/4"}],"replies":[{"embeddable":true,"href":"https:\/\/alertasaltillo.com\/index.php\/wp-json\/wp\/v2\/comments?post=13338"}],"version-history":[{"count":1,"href":"https:\/\/alertasaltillo.com\/index.php\/wp-json\/wp\/v2\/posts\/13338\/revisions"}],"predecessor-version":[{"id":13340,"href":"https:\/\/alertasaltillo.com\/index.php\/wp-json\/wp\/v2\/posts\/13338\/revisions\/13340"}],"wp:featuredmedia":[{"embeddable":true,"href":"https:\/\/alertasaltillo.com\/index.php\/wp-json\/wp\/v2\/media\/13339"}],"wp:attachment":[{"href":"https:\/\/alertasaltillo.com\/index.php\/wp-json\/wp\/v2\/media?parent=13338"}],"wp:term":[{"taxonomy":"category","embeddable":true,"href":"https:\/\/alertasaltillo.com\/index.php\/wp-json\/wp\/v2\/categories?post=13338"},{"taxonomy":"post_tag","embeddable":true,"href":"https:\/\/alertasaltillo.com\/index.php\/wp-json\/wp\/v2\/tags?post=13338"}],"curies":[{"name":"wp","href":"https:\/\/api.w.org\/{rel}","templated":true}]}}