{"id":13233,"date":"2024-12-10T21:48:03","date_gmt":"2024-12-10T21:48:03","guid":{"rendered":"https:\/\/alertasaltillo.com\/?p=13233"},"modified":"2024-12-10T21:48:06","modified_gmt":"2024-12-10T21:48:06","slug":"sugiere-trump-deportar-a-familias-completas-para-no-separar","status":"publish","type":"post","link":"https:\/\/alertasaltillo.com\/index.php\/2024\/12\/10\/sugiere-trump-deportar-a-familias-completas-para-no-separar\/","title":{"rendered":"SUGIERE TRUMP DEPORTAR A FAMILIAS COMPLETAS PARA NO SEPARAR"},"content":{"rendered":"\n<p><\/p>\n\n\n\n<p>El presidente electo de Estados Unidos, Donald Trump, sugiri\u00f3 durante una entrevista la posibilidad de deportar a familias completas para no incurrir en la pr\u00e1ctica de separaci\u00f3n, fuertemente criticada durante su gesti\u00f3n pasada.<\/p>\n\n\n\n<p>Cuestionado sobre las familias de estatus migratorio mixto en una entrevista con NBC News, el futuro mandatario replic\u00f3 propuestas de su Zar fronterizo Tom Homan.<\/p>\n\n\n\n<p>\u00abNo quiero separar a las familias, as\u00ed que la \u00fanica manera de no separar a la familia es mantenerlos juntos y tener que enviarlos de regreso\u00bb, declar\u00f3.<\/p>\n\n\n\n<p>Trump mencion\u00f3 repetidamente sus promesas de sellar la frontera entre Estados Unidos y M\u00e9xico y deportar a millones de personas que se encuentran ilegalmente en Estados Unidos a trav\u00e9s de un programa de deportaci\u00f3n masiva.<\/p>\n\n\n\n<p>\u00abCreo que tienes que hacerlo\u00bb, dijo.<\/p>\n\n\n\n<p>Sugiri\u00f3 que intentar\u00eda usar la acci\u00f3n ejecutiva para terminar con la ciudadan\u00eda por derecho de nacimiento, bajo la cual las personas nacidas en Estados Unidos son consideradas ciudadanos, aunque tales protecciones est\u00e1n detalladas en la Constituci\u00f3n.<\/p>\n\n\n\n<p>Con Informaci\u00f3n tomada de EL HERALDO DE SALTILLO<\/p>\n","protected":false},"excerpt":{"rendered":"<p>El presidente electo de Estados Unidos, Donald Trump, sugiri\u00f3 durante una entrevista la posibilidad de deportar a familias completas para no incurrir en la pr\u00e1ctica de separaci\u00f3n, fuertemente criticada durante su gesti\u00f3n pasada. Cuestionado sobre las familias de estatus migratorio mixto en una entrevista con NBC News, el futuro mandatario replic\u00f3 propuestas de su Zar [&hellip;]<\/p>\n","protected":false},"author":4,"featured_media":13234,"comment_status":"open","ping_status":"open","sticky":false,"template":"","format":"standard","meta":[],"categories":[186],"tags":[],"_links":{"self":[{"href":"https:\/\/alertasaltillo.com\/index.php\/wp-json\/wp\/v2\/posts\/13233"}],"collection":[{"href":"https:\/\/alertasaltillo.com\/index.php\/wp-json\/wp\/v2\/posts"}],"about":[{"href":"https:\/\/alertasaltillo.com\/index.php\/wp-json\/wp\/v2\/types\/post"}],"author":[{"embeddable":true,"href":"https:\/\/alertasaltillo.com\/index.php\/wp-json\/wp\/v2\/users\/4"}],"replies":[{"embeddable":true,"href":"https:\/\/alertasaltillo.com\/index.php\/wp-json\/wp\/v2\/comments?post=13233"}],"version-history":[{"count":1,"href":"https:\/\/alertasaltillo.com\/index.php\/wp-json\/wp\/v2\/posts\/13233\/revisions"}],"predecessor-version":[{"id":13235,"href":"https:\/\/alertasaltillo.com\/index.php\/wp-json\/wp\/v2\/posts\/13233\/revisions\/13235"}],"wp:featuredmedia":[{"embeddable":true,"href":"https:\/\/alertasaltillo.com\/index.php\/wp-json\/wp\/v2\/media\/13234"}],"wp:attachment":[{"href":"https:\/\/alertasaltillo.com\/index.php\/wp-json\/wp\/v2\/media?parent=13233"}],"wp:term":[{"taxonomy":"category","embeddable":true,"href":"https:\/\/alertasaltillo.com\/index.php\/wp-json\/wp\/v2\/categories?post=13233"},{"taxonomy":"post_tag","embeddable":true,"href":"https:\/\/alertasaltillo.com\/index.php\/wp-json\/wp\/v2\/tags?post=13233"}],"curies":[{"name":"wp","href":"https:\/\/api.w.org\/{rel}","templated":true}]}}