{"id":13113,"date":"2024-12-04T20:12:10","date_gmt":"2024-12-04T20:12:10","guid":{"rendered":"https:\/\/alertasaltillo.com\/?p=13113"},"modified":"2024-12-04T20:12:13","modified_gmt":"2024-12-04T20:12:13","slug":"cientificos-advierten-que-el-artico-se-quedara-sin-hielo-antes-del-2030","status":"publish","type":"post","link":"https:\/\/alertasaltillo.com\/index.php\/2024\/12\/04\/cientificos-advierten-que-el-artico-se-quedara-sin-hielo-antes-del-2030\/","title":{"rendered":"CIENT\u00cdFICOS ADVIERTEN QUE EL \u00c1RTICO SE QUEDAR\u00c1 SIN HIELO ANTES DEL 2030"},"content":{"rendered":"\n<p><\/p>\n\n\n\n<p><\/p>\n\n\n\n<p>El \u00c1rtico, uno de los paisajes m\u00e1s ic\u00f3nicos y cruciales del planeta, est\u00e1 perdiendo r\u00e1pidamente su cobertura de hielo debido al cambio clim\u00e1tico. Un reciente estudio publicado en la revista&nbsp;\u2018Nature Communications\u2019&nbsp;revela que&nbsp;podr\u00edamos enfrentarnos al primer d\u00eda sin hielo en el&nbsp;Oc\u00e9ano \u00c1rtico&nbsp;antes del 2030.<\/p>\n\n\n\n<p>Este evento, cargado de implicaciones simb\u00f3licas y pr\u00e1cticas, es un claro recordatorio de c\u00f3mo las emisiones humanas est\u00e1n transformando nuestro mundo.<\/p>\n\n\n\n<p>Las climat\u00f3logas<strong>&nbsp;<\/strong>Alexandra Jahn, de la Universidad Estadounidense de Colorado, en Boulder y&nbsp;C\u00e9line Heuz\u00e9, de la Universidad de Gotemburgo, en Suecia; han estado llevando a cabo investigaciones sobre el&nbsp;cambio climatol\u00f3gico en el \u00c1rtico. Para llegar a la conclusi\u00f3n de que el&nbsp;\u00c1rtico podr\u00eda quedar libre de hielo en 2027, los investigadores han utilizado aproximadamente&nbsp;300 simulaciones.<\/p>\n\n\n\n<p>Asimismo, se comprob\u00f3 que la mayor\u00eda de los modelos preve\u00edan que el primer d\u00eda&nbsp;sin hielo total en el \u00c1rtico&nbsp;podr\u00eda producirse entre&nbsp;nueve y veinte a\u00f1os despu\u00e9s de 2023. Esta conclusi\u00f3n funciona independientemente de c\u00f3mo evolucionen las&nbsp;emisiones de gases&nbsp;de efecto invernadero en los pr\u00f3ximos a\u00f1os a nivel mundial.<\/p>\n\n\n\n<p>Sin embargo, los cient\u00edficos aclaran que en realidad el \u00c1rtico no se va a quedar sin hielo por completo, pero los cient\u00edficos usan la expresi\u00f3n \u2018ice-free\u2019 para referirse al momento (que ser\u00eda hist\u00f3rico) en el que la extensi\u00f3n helada del \u00c1rtico baje del mill\u00f3n de km\u00b2.<\/p>\n\n\n\n<p>Con Informaci\u00f3n tomada de EL HERALDO DE SALTILLO<\/p>\n","protected":false},"excerpt":{"rendered":"<p>El \u00c1rtico, uno de los paisajes m\u00e1s ic\u00f3nicos y cruciales del planeta, est\u00e1 perdiendo r\u00e1pidamente su cobertura de hielo debido al cambio clim\u00e1tico. Un reciente estudio publicado en la revista&nbsp;\u2018Nature Communications\u2019&nbsp;revela que&nbsp;podr\u00edamos enfrentarnos al primer d\u00eda sin hielo en el&nbsp;Oc\u00e9ano \u00c1rtico&nbsp;antes del 2030. Este evento, cargado de implicaciones simb\u00f3licas y pr\u00e1cticas, es un claro recordatorio [&hellip;]<\/p>\n","protected":false},"author":4,"featured_media":13114,"comment_status":"open","ping_status":"open","sticky":false,"template":"","format":"standard","meta":[],"categories":[206],"tags":[],"_links":{"self":[{"href":"https:\/\/alertasaltillo.com\/index.php\/wp-json\/wp\/v2\/posts\/13113"}],"collection":[{"href":"https:\/\/alertasaltillo.com\/index.php\/wp-json\/wp\/v2\/posts"}],"about":[{"href":"https:\/\/alertasaltillo.com\/index.php\/wp-json\/wp\/v2\/types\/post"}],"author":[{"embeddable":true,"href":"https:\/\/alertasaltillo.com\/index.php\/wp-json\/wp\/v2\/users\/4"}],"replies":[{"embeddable":true,"href":"https:\/\/alertasaltillo.com\/index.php\/wp-json\/wp\/v2\/comments?post=13113"}],"version-history":[{"count":1,"href":"https:\/\/alertasaltillo.com\/index.php\/wp-json\/wp\/v2\/posts\/13113\/revisions"}],"predecessor-version":[{"id":13115,"href":"https:\/\/alertasaltillo.com\/index.php\/wp-json\/wp\/v2\/posts\/13113\/revisions\/13115"}],"wp:featuredmedia":[{"embeddable":true,"href":"https:\/\/alertasaltillo.com\/index.php\/wp-json\/wp\/v2\/media\/13114"}],"wp:attachment":[{"href":"https:\/\/alertasaltillo.com\/index.php\/wp-json\/wp\/v2\/media?parent=13113"}],"wp:term":[{"taxonomy":"category","embeddable":true,"href":"https:\/\/alertasaltillo.com\/index.php\/wp-json\/wp\/v2\/categories?post=13113"},{"taxonomy":"post_tag","embeddable":true,"href":"https:\/\/alertasaltillo.com\/index.php\/wp-json\/wp\/v2\/tags?post=13113"}],"curies":[{"name":"wp","href":"https:\/\/api.w.org\/{rel}","templated":true}]}}