{"id":12869,"date":"2024-11-21T23:59:38","date_gmt":"2024-11-21T23:59:38","guid":{"rendered":"https:\/\/alertasaltillo.com\/?p=12869"},"modified":"2024-11-21T23:59:41","modified_gmt":"2024-11-21T23:59:41","slug":"llama-lula-a-g20-a-adelantar-metas-de-cambio-climatico","status":"publish","type":"post","link":"https:\/\/alertasaltillo.com\/index.php\/2024\/11\/21\/llama-lula-a-g20-a-adelantar-metas-de-cambio-climatico\/","title":{"rendered":"LLAMA LULA A G20 A ADELANTAR METAS DE CAMBIO CLIM\u00c1TICO"},"content":{"rendered":"\n<p><strong>El Presidente de Brasil, Luiz In\u00e1cio Lula da Silva, asegur\u00f3 que los pa\u00edses integrantes del G20 son responsables del 80 por ciento de la emisiones de gases de efecto invernadero, por lo que les hizo un llamado a adelantar las metas de neutralidad clim\u00e1tica.<\/strong><\/p>\n\n\n\n<p>En el discurso de conclusi\u00f3n del G20, y tras conversar con otros l\u00edderes sobre sostenibilidad ambiental y transici\u00f3n energ\u00e9tica, el Mandatario brasile\u00f1o dijo que es fundamental que las nuevas NDC est\u00e9n alineadas con el objetivo de limitar el aumento de la temperatura global a un grado y medio.<\/p>\n\n\n\n<p>\u00abAhora, junto con el Secretario General Ant\u00f3nio Guterres, hago un llamamiento al G20 para que participe en la Movilizaci\u00f3n Global Conjunta Brasil-ONU para elevar el nivel de ambici\u00f3n de la pr\u00f3xima ronda de Contribuciones Determinadas a Nivel Nacional\u00bb, se\u00f1al\u00f3.<\/p>\n\n\n\n<p>Si las naciones ricas no asumen sus responsabilidades hist\u00f3ricas, advirti\u00f3, no tendr\u00e1n credibilidad para exigir ambici\u00f3n a los dem\u00e1s.<\/p>\n\n\n\n<p>\u00abNuestra br\u00fajula sigue siendo el principio de responsabilidades comunes, pero diferentes. Se trata de un imperativo de justicia clim\u00e1tica. Aunque no avancemos a la misma velocidad, todos podemos dar un paso m\u00e1s\u00bb, enfatiz\u00f3.<\/p>\n\n\n\n<p>Con Informaci\u00f3n tomada de EL HERALDO DE LE\u00d3N<\/p>\n\n\n\n<p><\/p>\n","protected":false},"excerpt":{"rendered":"<p>El Presidente de Brasil, Luiz In\u00e1cio Lula da Silva, asegur\u00f3 que los pa\u00edses integrantes del G20 son responsables del 80 por ciento de la emisiones de gases de efecto invernadero, por lo que les hizo un llamado a adelantar las metas de neutralidad clim\u00e1tica. En el discurso de conclusi\u00f3n del G20, y tras conversar con [&hellip;]<\/p>\n","protected":false},"author":4,"featured_media":12870,"comment_status":"open","ping_status":"open","sticky":false,"template":"","format":"standard","meta":[],"categories":[186],"tags":[],"_links":{"self":[{"href":"https:\/\/alertasaltillo.com\/index.php\/wp-json\/wp\/v2\/posts\/12869"}],"collection":[{"href":"https:\/\/alertasaltillo.com\/index.php\/wp-json\/wp\/v2\/posts"}],"about":[{"href":"https:\/\/alertasaltillo.com\/index.php\/wp-json\/wp\/v2\/types\/post"}],"author":[{"embeddable":true,"href":"https:\/\/alertasaltillo.com\/index.php\/wp-json\/wp\/v2\/users\/4"}],"replies":[{"embeddable":true,"href":"https:\/\/alertasaltillo.com\/index.php\/wp-json\/wp\/v2\/comments?post=12869"}],"version-history":[{"count":1,"href":"https:\/\/alertasaltillo.com\/index.php\/wp-json\/wp\/v2\/posts\/12869\/revisions"}],"predecessor-version":[{"id":12871,"href":"https:\/\/alertasaltillo.com\/index.php\/wp-json\/wp\/v2\/posts\/12869\/revisions\/12871"}],"wp:featuredmedia":[{"embeddable":true,"href":"https:\/\/alertasaltillo.com\/index.php\/wp-json\/wp\/v2\/media\/12870"}],"wp:attachment":[{"href":"https:\/\/alertasaltillo.com\/index.php\/wp-json\/wp\/v2\/media?parent=12869"}],"wp:term":[{"taxonomy":"category","embeddable":true,"href":"https:\/\/alertasaltillo.com\/index.php\/wp-json\/wp\/v2\/categories?post=12869"},{"taxonomy":"post_tag","embeddable":true,"href":"https:\/\/alertasaltillo.com\/index.php\/wp-json\/wp\/v2\/tags?post=12869"}],"curies":[{"name":"wp","href":"https:\/\/api.w.org\/{rel}","templated":true}]}}