{"id":12808,"date":"2024-11-20T21:06:29","date_gmt":"2024-11-20T21:06:29","guid":{"rendered":"https:\/\/alertasaltillo.com\/?p=12808"},"modified":"2024-11-20T21:06:34","modified_gmt":"2024-11-20T21:06:34","slug":"confirma-trump-que-utilizara-militares-para-deportaciones","status":"publish","type":"post","link":"https:\/\/alertasaltillo.com\/index.php\/2024\/11\/20\/confirma-trump-que-utilizara-militares-para-deportaciones\/","title":{"rendered":"CONFIRMA TRUMP QUE UTILIZAR\u00c1 MILITARES PARA DEPORTACIONES"},"content":{"rendered":"\n<p><\/p>\n\n\n\n<p>El presidente electo de Estados Unidos, Donald Trump, ha anunciado este lunes su predisposici\u00f3n a utilizar a los militares para llevar a cabo sus pol\u00edticas de deportaciones masivas una vez se instaure en la Casa Blanca a partir de enero.<\/p>\n\n\n\n<p>Trump ha compartido en su cuenta de Truth Social un mensaje del l\u00edder del movimiento conservador Judicial Watch, Tom Fitton, en el que menciona que declarar\u00e1 la emergencia nacional para poder contar as\u00ed con recursos militares para poner en marcha su promesa de deportaciones masivas. \u00abVerdad\u00bb, ha escrito el magnate.<\/p>\n\n\n\n<p>\u00abBuenas noticias. Hay informaciones de que la administraci\u00f3n entrante de Donald Trimp est\u00e1 preparada para declarar la emergencia nacional y utilizar activos militares para revertir la invasi\u00f3n de Biden a trav\u00e9s de un programa de deportaciones masivas\u00bb, es el mensaje de Fitton que ha compartido este lunes el republicano.<\/p>\n\n\n\n<p>Alrededor de once millones de personas viven y trabajan en situaci\u00f3n irregular en Estados Unidos. La idea de Trump de echarles del pa\u00eds podr\u00eda afectar a unos 20 millones de familias, seg\u00fan cifras que publica el portal de noticias Axios.<\/p>\n\n\n\n<p>Con Informaci\u00f3n tomada de EL HERALDO DE SALTILLO<\/p>\n","protected":false},"excerpt":{"rendered":"<p>El presidente electo de Estados Unidos, Donald Trump, ha anunciado este lunes su predisposici\u00f3n a utilizar a los militares para llevar a cabo sus pol\u00edticas de deportaciones masivas una vez se instaure en la Casa Blanca a partir de enero. Trump ha compartido en su cuenta de Truth Social un mensaje del l\u00edder del movimiento [&hellip;]<\/p>\n","protected":false},"author":4,"featured_media":12809,"comment_status":"open","ping_status":"open","sticky":false,"template":"","format":"standard","meta":[],"categories":[186],"tags":[],"_links":{"self":[{"href":"https:\/\/alertasaltillo.com\/index.php\/wp-json\/wp\/v2\/posts\/12808"}],"collection":[{"href":"https:\/\/alertasaltillo.com\/index.php\/wp-json\/wp\/v2\/posts"}],"about":[{"href":"https:\/\/alertasaltillo.com\/index.php\/wp-json\/wp\/v2\/types\/post"}],"author":[{"embeddable":true,"href":"https:\/\/alertasaltillo.com\/index.php\/wp-json\/wp\/v2\/users\/4"}],"replies":[{"embeddable":true,"href":"https:\/\/alertasaltillo.com\/index.php\/wp-json\/wp\/v2\/comments?post=12808"}],"version-history":[{"count":1,"href":"https:\/\/alertasaltillo.com\/index.php\/wp-json\/wp\/v2\/posts\/12808\/revisions"}],"predecessor-version":[{"id":12810,"href":"https:\/\/alertasaltillo.com\/index.php\/wp-json\/wp\/v2\/posts\/12808\/revisions\/12810"}],"wp:featuredmedia":[{"embeddable":true,"href":"https:\/\/alertasaltillo.com\/index.php\/wp-json\/wp\/v2\/media\/12809"}],"wp:attachment":[{"href":"https:\/\/alertasaltillo.com\/index.php\/wp-json\/wp\/v2\/media?parent=12808"}],"wp:term":[{"taxonomy":"category","embeddable":true,"href":"https:\/\/alertasaltillo.com\/index.php\/wp-json\/wp\/v2\/categories?post=12808"},{"taxonomy":"post_tag","embeddable":true,"href":"https:\/\/alertasaltillo.com\/index.php\/wp-json\/wp\/v2\/tags?post=12808"}],"curies":[{"name":"wp","href":"https:\/\/api.w.org\/{rel}","templated":true}]}}