{"id":12738,"date":"2024-11-18T20:56:05","date_gmt":"2024-11-18T20:56:05","guid":{"rendered":"https:\/\/alertasaltillo.com\/?p=12738"},"modified":"2024-11-18T20:56:43","modified_gmt":"2024-11-18T20:56:43","slug":"en-el-g20-sheinbaum-se-reune-con-biden-refrendamos-la-amistad-mexico-eu","status":"publish","type":"post","link":"https:\/\/alertasaltillo.com\/index.php\/2024\/11\/18\/en-el-g20-sheinbaum-se-reune-con-biden-refrendamos-la-amistad-mexico-eu\/","title":{"rendered":"EN EL G20, SHEINBAUM SE RE\u00daNE CON BIDEN; \u00abREFRENDAMOS LA AMISTAD\u00bb M\u00c9XICO-EU"},"content":{"rendered":"\n<h2>Sheinbaum trat\u00f3 con Biden diversos temas de inter\u00e9s para M\u00e9xico y Estados Unidos.<\/h2>\n\n\n\n<p>La presidenta&nbsp;<a href=\"https:\/\/www.excelsior.com.mx\/claudia-sheinbaum\" target=\"_blank\" rel=\"noreferrer noopener\"><strong>Claudia Sheinbaum<\/strong><\/a>&nbsp;se reuni\u00f3&nbsp;por primera vez con su hom\u00f3logo de Estados Unidos,&nbsp;<a href=\"https:\/\/www.excelsior.com.mx\/joe-biden\" target=\"_blank\" rel=\"noreferrer noopener\"><strong>Joe Biden<\/strong><\/a>, desde que asumi\u00f3 el cargo el pasado 1 de octubre. Fue en R\u00edo de Janeiro, en Brasil, en el marco de la&nbsp;<a href=\"https:\/\/www.excelsior.com.mx\/nacional\/jornada-claudia-sheinbaum-cumbre-g20\/1684976\" target=\"_blank\" rel=\"noreferrer noopener\"><strong>Cumbre de L\u00edderes del G20<\/strong><\/a>&nbsp;que se dio este encuentro entre ambos mandatarios.<\/p>\n\n\n\n<p>De acuerdo con la Casa Blanca, en el encuentro bilateral entre Sheinbaum y Biden\u00a0en Brasil abordaron el tema de migraci\u00f3n, seguridad, econom\u00eda y combate a la violencia criminal trasnacional.<\/p>\n\n\n\n<p><strong>\u00abLos dos l\u00edderes subrayaron la importancia de mantener cooperaci\u00f3n en migraci\u00f3n, seguridad y combatir el azote de la violencia del crimen transnacional y cuestiones econ\u00f3micas, construyendo sobre la fuerte asociaci\u00f3n bilateral entre Estados Unidos y M\u00e9xico\u00bb, indic\u00f3 la Casa Blanca en un comunicado.<\/strong><\/p>\n\n\n\n<p>Por su parte, la presidenta Claudia Sheinbaum asegur\u00f3 que habl\u00f3 con Joe Biden \u00abde la\u00a0<strong>buena relaci\u00f3n que existe y debe existir<\/strong>\u00a0entre M\u00e9xico y Estados Unidos\u00bb, as\u00ed como de la<strong>\u00a0importancia de trabajar juntos\u00a0<\/strong>en materia de migraci\u00f3n, seguridad y econom\u00eda.<\/p>\n\n\n\n<p>Con Informaci\u00f3n tomada de EXCELSIOR<\/p>\n","protected":false},"excerpt":{"rendered":"<p>Sheinbaum trat\u00f3 con Biden diversos temas de inter\u00e9s para M\u00e9xico y Estados Unidos. La presidenta&nbsp;Claudia Sheinbaum&nbsp;se reuni\u00f3&nbsp;por primera vez con su hom\u00f3logo de Estados Unidos,&nbsp;Joe Biden, desde que asumi\u00f3 el cargo el pasado 1 de octubre. Fue en R\u00edo de Janeiro, en Brasil, en el marco de la&nbsp;Cumbre de L\u00edderes del G20&nbsp;que se dio este [&hellip;]<\/p>\n","protected":false},"author":4,"featured_media":12739,"comment_status":"open","ping_status":"open","sticky":false,"template":"","format":"standard","meta":[],"categories":[186],"tags":[],"_links":{"self":[{"href":"https:\/\/alertasaltillo.com\/index.php\/wp-json\/wp\/v2\/posts\/12738"}],"collection":[{"href":"https:\/\/alertasaltillo.com\/index.php\/wp-json\/wp\/v2\/posts"}],"about":[{"href":"https:\/\/alertasaltillo.com\/index.php\/wp-json\/wp\/v2\/types\/post"}],"author":[{"embeddable":true,"href":"https:\/\/alertasaltillo.com\/index.php\/wp-json\/wp\/v2\/users\/4"}],"replies":[{"embeddable":true,"href":"https:\/\/alertasaltillo.com\/index.php\/wp-json\/wp\/v2\/comments?post=12738"}],"version-history":[{"count":1,"href":"https:\/\/alertasaltillo.com\/index.php\/wp-json\/wp\/v2\/posts\/12738\/revisions"}],"predecessor-version":[{"id":12740,"href":"https:\/\/alertasaltillo.com\/index.php\/wp-json\/wp\/v2\/posts\/12738\/revisions\/12740"}],"wp:featuredmedia":[{"embeddable":true,"href":"https:\/\/alertasaltillo.com\/index.php\/wp-json\/wp\/v2\/media\/12739"}],"wp:attachment":[{"href":"https:\/\/alertasaltillo.com\/index.php\/wp-json\/wp\/v2\/media?parent=12738"}],"wp:term":[{"taxonomy":"category","embeddable":true,"href":"https:\/\/alertasaltillo.com\/index.php\/wp-json\/wp\/v2\/categories?post=12738"},{"taxonomy":"post_tag","embeddable":true,"href":"https:\/\/alertasaltillo.com\/index.php\/wp-json\/wp\/v2\/tags?post=12738"}],"curies":[{"name":"wp","href":"https:\/\/api.w.org\/{rel}","templated":true}]}}