{"id":12711,"date":"2024-11-16T15:16:40","date_gmt":"2024-11-16T15:16:40","guid":{"rendered":"https:\/\/alertasaltillo.com\/?p=12711"},"modified":"2024-11-16T15:16:55","modified_gmt":"2024-11-16T15:16:55","slug":"incendio-en-un-asilo-deja-luto-en-espana-hay-10-fallecidos","status":"publish","type":"post","link":"https:\/\/alertasaltillo.com\/index.php\/2024\/11\/16\/incendio-en-un-asilo-deja-luto-en-espana-hay-10-fallecidos\/","title":{"rendered":"INCENDIO EN UN ASILO DEJA LUTO EN ESPA\u00d1A; HAY 10 FALLECIDOS"},"content":{"rendered":"\n<h2>Investigaciones revelaron que posiblemente un residente fum\u00f3 dentro de una habitaci\u00f3n; denuncian falta de personal<\/h2>\n\n\n\n<p><strong>Al menos diez personas murieron<\/strong>&nbsp;y dos resultaron heridas de gravedad en un&nbsp;<strong>incendio en una residencia de adultos<\/strong>&nbsp;<strong>mayores<\/strong>&nbsp;y pacientes con problemas de salud mental en<a href=\"https:\/\/www.excelsior.com.mx\/espana\" target=\"_blank\" rel=\"noreferrer noopener\">&nbsp;<strong>Arag\u00f3n, Espa\u00f1a.<\/strong><\/a><\/p>\n\n\n\n<p>El&nbsp;<strong>fuego comenz\u00f3 ayer en la ma\u00f1ana del viernes<\/strong>&nbsp;en un&nbsp;<strong>asilo<\/strong>&nbsp;ubicado en la&nbsp;<strong>localidad de Villafranca de Ebro<\/strong>, cerca de la capital de la regi\u00f3n, Zaragoza, indicaron esos servicios en la red social X.<\/p>\n\n\n\n<p><strong>En el inmueble, hab\u00eda 69 personas<\/strong>&nbsp;al momento del siniestro.<\/p>\n\n\n\n<p>La\u00a0<strong>alcaldesa de Villafranca de Ebro, Volga Ram\u00edrez Gamiz<\/strong>, declar\u00f3 a periodistas que el\u00a0<strong>fuego se concentr\u00f3 en una sola habitaci\u00f3n<\/strong>, pero el humo se dispers\u00f3 r\u00e1pidamente por la residencia reportaron medios locales.<\/p>\n\n\n\n<p>Con Informaci\u00f3n tomada de EXCELSIOR<\/p>\n","protected":false},"excerpt":{"rendered":"<p>Investigaciones revelaron que posiblemente un residente fum\u00f3 dentro de una habitaci\u00f3n; denuncian falta de personal Al menos diez personas murieron&nbsp;y dos resultaron heridas de gravedad en un&nbsp;incendio en una residencia de adultos&nbsp;mayores&nbsp;y pacientes con problemas de salud mental en&nbsp;Arag\u00f3n, Espa\u00f1a. El&nbsp;fuego comenz\u00f3 ayer en la ma\u00f1ana del viernes&nbsp;en un&nbsp;asilo&nbsp;ubicado en la&nbsp;localidad de Villafranca de Ebro, [&hellip;]<\/p>\n","protected":false},"author":4,"featured_media":12712,"comment_status":"open","ping_status":"open","sticky":false,"template":"","format":"standard","meta":[],"categories":[186],"tags":[],"_links":{"self":[{"href":"https:\/\/alertasaltillo.com\/index.php\/wp-json\/wp\/v2\/posts\/12711"}],"collection":[{"href":"https:\/\/alertasaltillo.com\/index.php\/wp-json\/wp\/v2\/posts"}],"about":[{"href":"https:\/\/alertasaltillo.com\/index.php\/wp-json\/wp\/v2\/types\/post"}],"author":[{"embeddable":true,"href":"https:\/\/alertasaltillo.com\/index.php\/wp-json\/wp\/v2\/users\/4"}],"replies":[{"embeddable":true,"href":"https:\/\/alertasaltillo.com\/index.php\/wp-json\/wp\/v2\/comments?post=12711"}],"version-history":[{"count":1,"href":"https:\/\/alertasaltillo.com\/index.php\/wp-json\/wp\/v2\/posts\/12711\/revisions"}],"predecessor-version":[{"id":12713,"href":"https:\/\/alertasaltillo.com\/index.php\/wp-json\/wp\/v2\/posts\/12711\/revisions\/12713"}],"wp:featuredmedia":[{"embeddable":true,"href":"https:\/\/alertasaltillo.com\/index.php\/wp-json\/wp\/v2\/media\/12712"}],"wp:attachment":[{"href":"https:\/\/alertasaltillo.com\/index.php\/wp-json\/wp\/v2\/media?parent=12711"}],"wp:term":[{"taxonomy":"category","embeddable":true,"href":"https:\/\/alertasaltillo.com\/index.php\/wp-json\/wp\/v2\/categories?post=12711"},{"taxonomy":"post_tag","embeddable":true,"href":"https:\/\/alertasaltillo.com\/index.php\/wp-json\/wp\/v2\/tags?post=12711"}],"curies":[{"name":"wp","href":"https:\/\/api.w.org\/{rel}","templated":true}]}}