{"id":12401,"date":"2024-11-03T03:43:06","date_gmt":"2024-11-03T03:43:06","guid":{"rendered":"https:\/\/alertasaltillo.com\/?p=12401"},"modified":"2024-11-03T03:43:12","modified_gmt":"2024-11-03T03:43:12","slug":"presentan-el-coecyt-y-la-sociedad-astronomica-de-saltillo-la-noche-de-las-estrellas","status":"publish","type":"post","link":"https:\/\/alertasaltillo.com\/index.php\/2024\/11\/03\/presentan-el-coecyt-y-la-sociedad-astronomica-de-saltillo-la-noche-de-las-estrellas\/","title":{"rendered":"PRESENTAN EL COECYT Y LA SOCIEDAD ASTRON\u00d3MICA DE SALTILLO \u00abLA NOCHE DE LAS ESTRELLAS\u00bb"},"content":{"rendered":"\n<p>\u2022&nbsp;&nbsp;&nbsp;&nbsp;&nbsp;&nbsp;&nbsp;&nbsp;&nbsp;&nbsp;&nbsp;&nbsp;&nbsp;&nbsp;&nbsp;&nbsp;<strong><em>lugar Tendr\u00e1 el s\u00e1bado 9 de noviembre de 18:00 a 22:00 horas<\/em><\/strong><\/p>\n\n\n\n<p>\u2022&nbsp;&nbsp;&nbsp;&nbsp;&nbsp;&nbsp;&nbsp;&nbsp;&nbsp;&nbsp;&nbsp;&nbsp;&nbsp;&nbsp;&nbsp;&nbsp;<strong><em>En Coahuila ser\u00e1 el Centro de Cultura Cient\u00edfica del Consejo Estatal de Ciencia y Tecnolog\u00eda, de Saltillo.<\/em><\/strong><\/p>\n\n\n\n<p>Saltillo, Coahuila de Zaragoza, a 30 de octubre de 2024.- En el XV aniversario de \u201cLa Noche de las Estrellas\u201d, evento anual que se celebra en M\u00e9xico para divulgar la astronom\u00eda y observar el cielo nocturno, el Centro de Cultura Cient\u00edfica y La Tecnol\u00f3gica del COECyT, inaugurada recientemente por el gobernador Manolo Jim\u00e9nez Salinas, ser\u00e1 sede del tradicional evento junto con la Sociedad Astron\u00f3mica de Saltillo (SAS).<\/p>\n\n\n\n<p>En rueda de prensa, los titulares del Consejo Estatal de Ciencia y Tecnolog\u00eda y de la SAS, Mario Vald\u00e9s Garza y Ramatiz Arellano Trueba, respectivamente, expresaron que evento tendr\u00e1 lugar el 9 de noviembre, de las seis de la tarde a las nueve de la noche.<\/p>\n\n\n\n<p>Tambi\u00e9n se ofrecer\u00e1 la conferencia del prestigioso f\u00edsico te\u00f3rico mexicano, Miguel Alcubierre Moya, quien cient\u00edficamente ha brindado importantes aportaciones a la relatividad general.<\/p>\n\n\n\n<p>Es reconocido por desarrollar un modelo matem\u00e1tico que permitir\u00eda viajar m\u00e1s r\u00e1pido que la luz sin violar la relatividad. Su charla se presentar\u00e1 a las 18:30 ya las 20:00 horas, con cupo limitado.<\/p>\n\n\n\n<p>\u201cLa Noche de las Estrellas\u201d, es el evento de divulgaci\u00f3n de la ciencia y la tecnolog\u00eda m\u00e1s grande del pa\u00eds, indicaron y explicaron que este 2024 participar\u00e1n m\u00e1s de 90 sedes en todo el pa\u00eds.<\/p>\n\n\n\n<p>Pretender, adem\u00e1s promover entre la juventud su gusto por el descubrimiento, la ciencia, la tecnolog\u00eda y las matem\u00e1ticas.<\/p>\n\n\n\n<p>\u201cTratamos de inspirar a los j\u00f3venes a desarrollar capacidades encaminadas a la innovaci\u00f3n, y que no s\u00f3lo sean usuarios de la ciencia y de la tecnolog\u00eda, sino comprender c\u00f3mo funcionan y se convertir\u00e1n en creadores\u201d, de ambas ramas, expresaron.<\/p>\n\n\n\n<p>Este a\u00f1o, figuran como organizadores del evento la Academia Mexicana de Ciencias; la Universidad Nacional Aut\u00f3noma de M\u00e9xico; el Instituto de Astronom\u00eda de la UNAM, y el Instituto Polit\u00e9cnico Nacional.<\/p>\n\n\n\n<p>Adem\u00e1s, el Instituto Nacional de Astrof\u00edsica, \u00d3ptica y Electr\u00f3nica; la Asociaci\u00f3n de Planetarios de M\u00e9xico; la Agencia Espacial Mexicana, y la Sociedad Astron\u00f3mica Nacional.<\/p>\n\n\n\n<p>En Saltillo, ofrecer\u00e1n experimentos y talleres la Universidad Aut\u00f3noma de Coahuila; la Universidad Tecnol\u00f3gica de Coahuila, la Universidad Lasalle; la Secretar\u00eda de Salud; el CIQA; el CINVESTAV, y la Secundaria n\u00famero 8, donde un grupo de alumnos ya trabaja en temas relacionados con la ciencia y la tecnolog\u00eda.<\/p>\n\n\n\n<p>Participaron en la rueda de prensa, la doctora Laura Elena Walter, en representaci\u00f3n de la Secretar\u00eda de Salud; Manuel Castro Rom\u00e1n, investigador titular del CINVESTAV; el Presidente de la OCV de Saltillo, Ra\u00fal Rodarte, y Juan Armando Fern\u00e1ndez, Coordinador de Divulgaci\u00f3n de la SAS.<\/p>\n\n\n\n<p>CONTEXTO<\/p>\n\n\n\n<p>La Noche de las Estrellas se realiza desde 2009 y es considerada el evento de divulgaci\u00f3n cient\u00edfica m\u00e1s grande e importante de Iberoam\u00e9rica.<\/p>\n\n\n\n<p>En cada edici\u00f3n, se elige una tem\u00e1tica relacionada con los A\u00f1os Internacionales de la Organizaci\u00f3n de las Naciones Unidas.<\/p>\n\n\n\n<p>\u201cLa Noche\u2026\u201d tambi\u00e9n comprende diversas actividades, como: conferencias, talleres, proyecciones y observaciones con telescopios.<\/p>\n\n\n\n<p><\/p>\n","protected":false},"excerpt":{"rendered":"<p>\u2022&nbsp;&nbsp;&nbsp;&nbsp;&nbsp;&nbsp;&nbsp;&nbsp;&nbsp;&nbsp;&nbsp;&nbsp;&nbsp;&nbsp;&nbsp;&nbsp;lugar Tendr\u00e1 el s\u00e1bado 9 de noviembre de 18:00 a 22:00 horas \u2022&nbsp;&nbsp;&nbsp;&nbsp;&nbsp;&nbsp;&nbsp;&nbsp;&nbsp;&nbsp;&nbsp;&nbsp;&nbsp;&nbsp;&nbsp;&nbsp;En Coahuila ser\u00e1 el Centro de Cultura Cient\u00edfica del Consejo Estatal de Ciencia y Tecnolog\u00eda, de Saltillo. Saltillo, Coahuila de Zaragoza, a 30 de octubre de 2024.- En el XV aniversario de \u201cLa Noche de las Estrellas\u201d, evento anual que se celebra en [&hellip;]<\/p>\n","protected":false},"author":4,"featured_media":12402,"comment_status":"open","ping_status":"open","sticky":false,"template":"","format":"standard","meta":[],"categories":[206],"tags":[],"_links":{"self":[{"href":"https:\/\/alertasaltillo.com\/index.php\/wp-json\/wp\/v2\/posts\/12401"}],"collection":[{"href":"https:\/\/alertasaltillo.com\/index.php\/wp-json\/wp\/v2\/posts"}],"about":[{"href":"https:\/\/alertasaltillo.com\/index.php\/wp-json\/wp\/v2\/types\/post"}],"author":[{"embeddable":true,"href":"https:\/\/alertasaltillo.com\/index.php\/wp-json\/wp\/v2\/users\/4"}],"replies":[{"embeddable":true,"href":"https:\/\/alertasaltillo.com\/index.php\/wp-json\/wp\/v2\/comments?post=12401"}],"version-history":[{"count":1,"href":"https:\/\/alertasaltillo.com\/index.php\/wp-json\/wp\/v2\/posts\/12401\/revisions"}],"predecessor-version":[{"id":12403,"href":"https:\/\/alertasaltillo.com\/index.php\/wp-json\/wp\/v2\/posts\/12401\/revisions\/12403"}],"wp:featuredmedia":[{"embeddable":true,"href":"https:\/\/alertasaltillo.com\/index.php\/wp-json\/wp\/v2\/media\/12402"}],"wp:attachment":[{"href":"https:\/\/alertasaltillo.com\/index.php\/wp-json\/wp\/v2\/media?parent=12401"}],"wp:term":[{"taxonomy":"category","embeddable":true,"href":"https:\/\/alertasaltillo.com\/index.php\/wp-json\/wp\/v2\/categories?post=12401"},{"taxonomy":"post_tag","embeddable":true,"href":"https:\/\/alertasaltillo.com\/index.php\/wp-json\/wp\/v2\/tags?post=12401"}],"curies":[{"name":"wp","href":"https:\/\/api.w.org\/{rel}","templated":true}]}}