{"id":12150,"date":"2024-10-17T22:53:21","date_gmt":"2024-10-17T22:53:21","guid":{"rendered":"https:\/\/alertasaltillo.com\/?p=12150"},"modified":"2024-10-17T22:53:24","modified_gmt":"2024-10-17T22:53:24","slug":"fallecen-dos-atletas-en-mundial-de-triatlon-en-espana-uno-era-mexicano","status":"publish","type":"post","link":"https:\/\/alertasaltillo.com\/index.php\/2024\/10\/17\/fallecen-dos-atletas-en-mundial-de-triatlon-en-espana-uno-era-mexicano\/","title":{"rendered":"FALLECEN DOS ATLETAS EN MUNDIAL DE TRIATL\u00d3N EN ESPA\u00d1A; UNO ERA MEXICANO"},"content":{"rendered":"\n<p><\/p>\n\n\n\n<h2>Medios locales se\u00f1alan que las dos personas fallecidas ten\u00edan 57 y 79 a\u00f1os y participaban en la prueba en la categor\u00eda \u00abveteranos\u00bb.<\/h2>\n\n\n\n<p>Dos atletas de nacionalidad brit\u00e1nica y mexicana fallecieron este jueves mientras participaban en los Campeonatos del mundo de\u00a0<a href=\"https:\/\/www.excelsior.com.mx\/adrenalina\/triatlon\" target=\"_blank\" rel=\"noreferrer noopener\">triatl\u00f3n<\/a>\u00a0en categor\u00eda veteranos, en Torremolinos, en el sur de\u00a0<a href=\"https:\/\/www.excelsior.com.mx\/espana\" target=\"_blank\" rel=\"noreferrer noopener\">Espa\u00f1a<\/a>, anunciaron los organizadores.<\/p>\n\n\n\n<blockquote class=\"wp-block-quote\">\n<p>Con profunda tristeza podemos informar que dos participantes (uno de M\u00e9xico; uno de Gran Breta\u00f1a) han fallecido en el World Triathlon Torremolinos-Andaluc\u00eda AG Sprint Distance World Championships\u00bb, anunci\u00f3 en la red social X la federaci\u00f3n World Triathlon, organizadora del evento.<\/p>\n<\/blockquote>\n\n\n\n<p>\u00abNuestras m\u00e1s profundas condolencias a sus respectivas familias, amigos, Federaciones nacionales y toda la familia del triatl\u00f3n\u00bb, a\u00f1adi\u00f3 en el mensaje.<\/p>\n\n\n\n<p>La Federaci\u00f3n Mexicana de Triatl\u00f3n confirm\u00f3 en&nbsp;<a href=\"https:\/\/www.excelsior.com.mx\/x\" target=\"_blank\" rel=\"noreferrer noopener\">X<\/a>&nbsp;(antes Twitter)&nbsp;que&nbsp;<strong>el deportista mexicano fallecido es Roger Mas Colomer.<\/strong><\/p>\n\n\n\n<p>En un escueto comunicado, la federaci\u00f3n brit\u00e1nica de triatl\u00f3n, por su parte, confirm\u00f3 la muerte de uno de sus atletas, sin dar m\u00e1s precisiones.<\/p>\n\n\n\n<p>Con Informaci\u00f3n tomada de EXCELSIOR<\/p>\n","protected":false},"excerpt":{"rendered":"<p>Medios locales se\u00f1alan que las dos personas fallecidas ten\u00edan 57 y 79 a\u00f1os y participaban en la prueba en la categor\u00eda \u00abveteranos\u00bb. Dos atletas de nacionalidad brit\u00e1nica y mexicana fallecieron este jueves mientras participaban en los Campeonatos del mundo de\u00a0triatl\u00f3n\u00a0en categor\u00eda veteranos, en Torremolinos, en el sur de\u00a0Espa\u00f1a, anunciaron los organizadores. Con profunda tristeza podemos [&hellip;]<\/p>\n","protected":false},"author":4,"featured_media":12151,"comment_status":"open","ping_status":"open","sticky":false,"template":"","format":"standard","meta":[],"categories":[186],"tags":[],"_links":{"self":[{"href":"https:\/\/alertasaltillo.com\/index.php\/wp-json\/wp\/v2\/posts\/12150"}],"collection":[{"href":"https:\/\/alertasaltillo.com\/index.php\/wp-json\/wp\/v2\/posts"}],"about":[{"href":"https:\/\/alertasaltillo.com\/index.php\/wp-json\/wp\/v2\/types\/post"}],"author":[{"embeddable":true,"href":"https:\/\/alertasaltillo.com\/index.php\/wp-json\/wp\/v2\/users\/4"}],"replies":[{"embeddable":true,"href":"https:\/\/alertasaltillo.com\/index.php\/wp-json\/wp\/v2\/comments?post=12150"}],"version-history":[{"count":1,"href":"https:\/\/alertasaltillo.com\/index.php\/wp-json\/wp\/v2\/posts\/12150\/revisions"}],"predecessor-version":[{"id":12152,"href":"https:\/\/alertasaltillo.com\/index.php\/wp-json\/wp\/v2\/posts\/12150\/revisions\/12152"}],"wp:featuredmedia":[{"embeddable":true,"href":"https:\/\/alertasaltillo.com\/index.php\/wp-json\/wp\/v2\/media\/12151"}],"wp:attachment":[{"href":"https:\/\/alertasaltillo.com\/index.php\/wp-json\/wp\/v2\/media?parent=12150"}],"wp:term":[{"taxonomy":"category","embeddable":true,"href":"https:\/\/alertasaltillo.com\/index.php\/wp-json\/wp\/v2\/categories?post=12150"},{"taxonomy":"post_tag","embeddable":true,"href":"https:\/\/alertasaltillo.com\/index.php\/wp-json\/wp\/v2\/tags?post=12150"}],"curies":[{"name":"wp","href":"https:\/\/api.w.org\/{rel}","templated":true}]}}