{"id":11378,"date":"2024-08-28T15:52:39","date_gmt":"2024-08-28T15:52:39","guid":{"rendered":"https:\/\/alertasaltillo.com\/?p=11378"},"modified":"2024-08-28T15:52:41","modified_gmt":"2024-08-28T15:52:41","slug":"anuncia-el-coecyt-segundo-foro-internacional-coahuila-2024","status":"publish","type":"post","link":"https:\/\/alertasaltillo.com\/index.php\/2024\/08\/28\/anuncia-el-coecyt-segundo-foro-internacional-coahuila-2024\/","title":{"rendered":"ANUNCIA EL COECyT SEGUNDO FORO INTERNACIONAL \u00abCOAHUILA 2024\u00bb"},"content":{"rendered":"\n<p>\u2022&nbsp;&nbsp;&nbsp;&nbsp;&nbsp;&nbsp;&nbsp;&nbsp;&nbsp;&nbsp;&nbsp;&nbsp;&nbsp;&nbsp;&nbsp;&nbsp;<strong><em>Se reunir\u00e1 en Coahuila con un grupo de expertos internacionales en ciencia y tecnolog\u00eda.<\/em><\/strong><\/p>\n\n\n\n<p>\u2022&nbsp;&nbsp;&nbsp;&nbsp;&nbsp;&nbsp;&nbsp;&nbsp;&nbsp;&nbsp;&nbsp;&nbsp;&nbsp;&nbsp;&nbsp;&nbsp;<strong><em>Inteligencia artificial, agua, electromovilidad, innovaci\u00f3n y desarrollo, temas centrales<\/em><\/strong><\/p>\n\n\n\n<p>Saltillo, Coahuila de Zaragoza, a 27 de agosto de 2024.- El Consejo Estatal de Ciencia y Tecnolog\u00eda (COECyT), dio a conocer las actividades que se desarrollar\u00e1n dentro del Segundo Foro Internacional Coahuila 2024, con la tem\u00e1tica \u201cArticulando Acciones Locales en las Tendencias Globales\u201d.<\/p>\n\n\n\n<p>En rueda de prensa, el director general del organismo, Mario Vald\u00e9s Garza, inform\u00f3 que este mi\u00e9rcoles a las nueve de la ma\u00f1ana se inaugurar\u00e1n los trabajos del encuentro.<\/p>\n\n\n\n<p>Se\u00f1al\u00f3 que el COECyT, a trav\u00e9s del Consorcio de Redes de Innovaci\u00f3n Cooperativa, y en colaboraci\u00f3n con el Nodo-Coahuila de la Red Estatal MX, realizar\u00e1n el foro que termina este jueves.<\/p>\n\n\n\n<p>Indic\u00f3 que un grupo de expertos internacionales dictar\u00e1n conferencias relacionadas con diversos temas, como Inteligencia Artificial, Agua y Electromovilidad.<\/p>\n\n\n\n<p>Buscamos con eventos de este tipo, subray\u00f3, \u201cque se tenga una colaboraci\u00f3n internacional para desarrollar soluciones tecnol\u00f3gicas conjuntas\u201d, donde prestigiados profesionales en ciencia y tecnolog\u00eda compartir\u00e1n experiencias para resolver favorablemente situaciones que enfrentaron a lo largo de los a\u00f1os.<\/p>\n\n\n\n<p>Asimismo, Vald\u00e9s Garza estim\u00f3 que uno de los puntos de gran trascendencia que tocar\u00e1 el Foro estar\u00e1 lo relacionado con la innovaci\u00f3n y desarrollo, sobre en asuntos como la propia IA y la fabricaci\u00f3n de veh\u00edculos el\u00e9ctricos.<\/p>\n\n\n\n<p>Refiri\u00f3, que el Foro pretende articular las locales para el desarrollo del ecosistema de la ciencia, la tecnolog\u00eda y la innovaci\u00f3n de Coahuila, para desarrollar una cultura competitiva especializada a las necesidades del cambio geo-econ\u00f3mico denominada \u201cnearshoring\u201d.<\/p>\n\n\n\n<p>El director general del COECyT-Coahuila, ofreci\u00f3 la rueda de prensa, junto a la Coordinadora de Desarrollo Cient\u00edfico, Vanessa Mart\u00ednez Sosa, y la responsable de la Unidad de Desarrollo de Capital Humano, Yadhira Rubalcaba.<\/p>\n\n\n\n<p>PROGRAMA:<\/p>\n\n\n\n<p>Despu\u00e9s de la inauguraci\u00f3n correspondiente, a las 9:30 se ofrecer\u00e1 la Conferencia: \u201cLa Red Global MX, una visi\u00f3n para M\u00e9xico\u201d, con el doctor Edgar Antonio Vald\u00e9s Porras, Coordinador de los NODOS de la RGMX.<\/p>\n\n\n\n<p>A las 10.15 horas, tendr\u00e1 lugar la conferencia, a distancia, \u201dLa experiencia del Cap\u00edtulo de Portugal de la Red Global MX\u201d, a cargo del doctor V\u00edtor Prisca, Delegaci\u00f3n Portugal de la RedGlobal Mx.<\/p>\n\n\n\n<p>Una hora despu\u00e9s, habr\u00e1 un receso y visita a los Expo-Carteles en las mismas instalaciones del organismo, para luego dar paso a las 11:25 a la conferencia: \u201dLa pol\u00edtica p\u00fablica del Estado Mexicano en el exterior, caso de la Red Global MX\u201d, por el ingeniero Luis Guti\u00e9rrez Reyes, Titular del Instituto de los Mexicanos en el Exterior, y responsable del programa RGMX de la SRE.<\/p>\n\n\n\n<p>A las doce y quince, se presentar\u00e1 el Panel 1 \u201cElectromovilidad, clave de la competitividad\u201d. Moderador: el ingeniero Jaime Guerra P\u00e9rez, Vicepresidente Nacional de Nearshoring de CANACINTRA.<\/p>\n\n\n\n<p>Participar\u00e1n como panelistas, el doctor Eduardo de Jes\u00fas Garc\u00eda Garc\u00eda, FESTOMX; el ingeniero Alberto Romero Hern\u00e1ndez, R&amp;D-M\u00e9xico Head en VITESCO Technologies Engineering, el ingeniero Felipe Gallego Llano, COO Megaflux, y el ingeniero Oscar Quintanilla, Director de la Planta Sistemas Globales de Propulsi\u00f3n de General Motors- Ramos Arizpe.<\/p>\n\n\n\n<p>ACTIVIDADES DEL JUEVES<\/p>\n\n\n\n<p>Iniciar\u00e1n a las nueve de la ma\u00f1ana con el Panel 2; \u201cAgua y recursos ambientales\u201d, donde fungir\u00e1 como moderador, el doctor Gerardo Delgado Ram\u00edrez, Investigador titular del Programa de Agua del CENID-RASPA (INIFAP).<\/p>\n\n\n\n<p>Participar\u00e1n como Panelistas:, los doctores Carlos Oliveira y V\u00edtor Prisca, Cap\u00edtulo Portugal de la RedGlobal MX (Presentaci\u00f3n Virtual); el ingeniero Jes\u00fas Enrique Salazar Rodr\u00edguez, Asesor T\u00e9cnico del CEAS Coahuila; el ingeniero Iv\u00e1n Jos\u00e9 Vicente Garc\u00eda, Gerente General de Aguas de Saltillo; el doctor Samuel Alejandro Lozano Morales, Coordinador NODOSureste de la Red de Agua y Recursos Ambientales (RIARA) y el doctor Felipe Ignacio Arregu\u00edn Cort\u00e9s, Profesor de la Facultad de Ingenier\u00eda de la UNAM.<\/p>\n\n\n\n<p>A las die quince horas se presentar\u00e1n una serie de videos Nodos de la Red Global MX, y posteriormente tendr\u00e1 lugar el panel 3 \u201cInteligencia Artificial, su impacto en el ecosistema de la CTI, donde fungir\u00e1 como moderador el doctor Francisco Medina G\u00f3mez, Director de COECYTJAL.<\/p>\n\n\n\n<p>Estar\u00e1n como panelistas. El MC V\u00edctor Rodr\u00edguez Bahena, L\u00edder T\u00e9cnico DCAI de INTEL; los doctores Jos\u00e9 Ram\u00f3n Morales, Vicepresidente de CANIETI, Ricardo Carre\u00f3n Qui\u00f1ones, Cofundador de Empresa Crea con IA; Claudia Gabriela Jim\u00e9nez Gonz\u00e1lez, Co-Fundadora de Crea con IA y Catedr\u00e1tica en el Tec de Monterrey Campus CDMX, y Jes\u00fas Humberto Aguilar Esparza, maestro en Rochester Institute of Technology del estado de Nueva York (en presentaci\u00f3n virtual).<\/p>\n\n\n\n<p>Luego de un receso y presentaci\u00f3n de videos, se ofrecer\u00e1 el Panel 4. \u201cVinculaci\u00f3n de la CTI en Nodos y Cap\u00edtulos de la RGMX\u201d, donde estar\u00e1 como moderador el maestro en ciencias Jos\u00e9 Alonso Huerta Cruz, Presidente del NODO Hidalgo de la RedGlobal MX. .<\/p>\n\n\n\n<p>Aqu\u00ed participar\u00e1n como panelistas: Los doctores Edgar Antonio Vald\u00e9s Porras, Presidente NODO Guanajuato de la Red Global MX; Francisco Antonio Rodr\u00edguez Vald\u00e9s, Presidente Nodo Sonora de la Red Global MX; H\u00e9ctor Javier Alfaro Romero, Presidente Laguna Innovadora de la Red Global MX; Alberto Miguel Correa \u00c1lvarez, Cap\u00edtulo Estados Unidos de la Red Global MX; V\u00edtor Prisca, Cap\u00edtulo Portugal (en presentaci\u00f3n virtual)., y cerrar\u00e1 el propio director general del COECyT, Mario Vald\u00e9s Garza, Coordinador NODO Coahuila de la Red Global MX.<\/p>\n\n\n\n<p><\/p>\n","protected":false},"excerpt":{"rendered":"<p>\u2022&nbsp;&nbsp;&nbsp;&nbsp;&nbsp;&nbsp;&nbsp;&nbsp;&nbsp;&nbsp;&nbsp;&nbsp;&nbsp;&nbsp;&nbsp;&nbsp;Se reunir\u00e1 en Coahuila con un grupo de expertos internacionales en ciencia y tecnolog\u00eda. \u2022&nbsp;&nbsp;&nbsp;&nbsp;&nbsp;&nbsp;&nbsp;&nbsp;&nbsp;&nbsp;&nbsp;&nbsp;&nbsp;&nbsp;&nbsp;&nbsp;Inteligencia artificial, agua, electromovilidad, innovaci\u00f3n y desarrollo, temas centrales Saltillo, Coahuila de Zaragoza, a 27 de agosto de 2024.- El Consejo Estatal de Ciencia y Tecnolog\u00eda (COECyT), dio a conocer las actividades que se desarrollar\u00e1n dentro del Segundo Foro Internacional Coahuila [&hellip;]<\/p>\n","protected":false},"author":4,"featured_media":11379,"comment_status":"open","ping_status":"open","sticky":false,"template":"","format":"standard","meta":[],"categories":[206],"tags":[],"_links":{"self":[{"href":"https:\/\/alertasaltillo.com\/index.php\/wp-json\/wp\/v2\/posts\/11378"}],"collection":[{"href":"https:\/\/alertasaltillo.com\/index.php\/wp-json\/wp\/v2\/posts"}],"about":[{"href":"https:\/\/alertasaltillo.com\/index.php\/wp-json\/wp\/v2\/types\/post"}],"author":[{"embeddable":true,"href":"https:\/\/alertasaltillo.com\/index.php\/wp-json\/wp\/v2\/users\/4"}],"replies":[{"embeddable":true,"href":"https:\/\/alertasaltillo.com\/index.php\/wp-json\/wp\/v2\/comments?post=11378"}],"version-history":[{"count":1,"href":"https:\/\/alertasaltillo.com\/index.php\/wp-json\/wp\/v2\/posts\/11378\/revisions"}],"predecessor-version":[{"id":11380,"href":"https:\/\/alertasaltillo.com\/index.php\/wp-json\/wp\/v2\/posts\/11378\/revisions\/11380"}],"wp:featuredmedia":[{"embeddable":true,"href":"https:\/\/alertasaltillo.com\/index.php\/wp-json\/wp\/v2\/media\/11379"}],"wp:attachment":[{"href":"https:\/\/alertasaltillo.com\/index.php\/wp-json\/wp\/v2\/media?parent=11378"}],"wp:term":[{"taxonomy":"category","embeddable":true,"href":"https:\/\/alertasaltillo.com\/index.php\/wp-json\/wp\/v2\/categories?post=11378"},{"taxonomy":"post_tag","embeddable":true,"href":"https:\/\/alertasaltillo.com\/index.php\/wp-json\/wp\/v2\/tags?post=11378"}],"curies":[{"name":"wp","href":"https:\/\/api.w.org\/{rel}","templated":true}]}}