{"id":10007,"date":"2024-05-23T22:31:54","date_gmt":"2024-05-23T22:31:54","guid":{"rendered":"https:\/\/alertasaltillo.com\/?p=10007"},"modified":"2024-05-23T22:31:57","modified_gmt":"2024-05-23T22:31:57","slug":"promueven-en-coahuila-la-feria-nacional-francisco-villa-2024-de-durango","status":"publish","type":"post","link":"https:\/\/alertasaltillo.com\/index.php\/2024\/05\/23\/promueven-en-coahuila-la-feria-nacional-francisco-villa-2024-de-durango\/","title":{"rendered":"PROMUEVEN EN COAHUILA LA FERIA NACIONAL \u00abFRANCISCO VILLA 2024\u00bb, DE DURANGO"},"content":{"rendered":"\n<p><\/p>\n\n\n\n<p>\u2022&nbsp;&nbsp;&nbsp;&nbsp;&nbsp;&nbsp;&nbsp;&nbsp;&nbsp;&nbsp;&nbsp;&nbsp;&nbsp;&nbsp;&nbsp;&nbsp;&nbsp;&nbsp;&nbsp;&nbsp;&nbsp;&nbsp;&nbsp;&nbsp;&nbsp;&nbsp;&nbsp;&nbsp;&nbsp;<strong><em>Como parte del convenio de promoci\u00f3n mutua en materia tur\u00edstica y cultural entre ambas entidades<\/em><\/strong><\/p>\n\n\n\n<p>\u2022&nbsp;&nbsp;&nbsp;&nbsp;&nbsp;&nbsp;&nbsp;&nbsp;&nbsp;&nbsp;&nbsp;&nbsp;&nbsp;&nbsp;&nbsp;&nbsp;&nbsp;&nbsp;&nbsp;&nbsp;&nbsp;&nbsp;&nbsp;&nbsp;&nbsp;&nbsp;&nbsp;&nbsp;&nbsp;<strong><em>Tradicionalmente, el 30% de sus visitantes son coahuilenses<\/em><\/strong><\/p>\n\n\n\n<p>Saltillo, Coahuila de Zaragoza, a 23 de mayo de 2023.-&nbsp;&nbsp;En el marco de colaboraci\u00f3n y promoci\u00f3n mutua entre Coahuila y Durango, se present\u00f3 aqu\u00ed la Cartelera de la Feria Nacional \u201cFrancisco Villa\u201d 2024, que tendr\u00e1 lugar en la capital del vecino Estado entre el 19 de julio y el 4 de agosto.<\/p>\n\n\n\n<p>La Encargada del Despacho de la Secretar\u00eda de Turismo de Coahuila, Martha Moncada Zertuche y el Coordinador General de la FENADU 2024, Lauro Arce Gallegos, detallaron las m\u00faltiples actividades que se desarrollar\u00e1n durante 17 d\u00edas en lo que ser\u00e1 una gran convivencia familiar.<\/p>\n\n\n\n<p>Al transmitir la invitaci\u00f3n del gobernador de Durango, Esteban Villegas Villarreal a la poblaci\u00f3n de Coahuila, Arce Gallegos dijo que se espera una afluencia superior al mill\u00f3n de visitantes, de los cuales alrededor de 300 mil (el 30 por ciento), viven en nuestra entidad.<\/p>\n\n\n\n<p>Moncada Zertuche, por su parte, destac\u00f3 que por instrucciones del gobernador Manolo Jim\u00e9nez Salinas, se brindar\u00e1 todo el respaldo para la mejor promoci\u00f3n de la FENADU en nuestra entidad.<\/p>\n\n\n\n<p>\u201cTenemos una gran coordinaci\u00f3n y el acuerdo de promoci\u00f3n mutua, para que la poblaci\u00f3n de Coahuila conozca los atractivos art\u00edsticos, culturales, gastron\u00f3micos y tur\u00edsticos que ofrecer\u00e1 Durango en la Feria\u201d, abund\u00f3.<\/p>\n\n\n\n<p>Una delegaci\u00f3n duranguense, present\u00f3 la Cartelera el pasado mi\u00e9rcoles en Torre\u00f3n y este jueves en Saltillo; entre sus integrantes, figur\u00f3 la Reina de la Feria, Diana I.<\/p>\n\n\n\n<p>Arce Gallegos dijo que el evento se desarrollar\u00e1 en una superficie de 60 hect\u00e1reas; la entrada tendr\u00e1 un costo de 20 pesos; ser\u00e1 gratuita para ni\u00f1os y adultos mayores.<\/p>\n\n\n\n<p>Destac\u00f3 la presentaci\u00f3n de grandes artistas en el Palenque (cuya entrada tendr\u00e1 costo) as\u00ed como en la Velaria (escenario principal) y en la Explanada de Los Grandes; en ambos puntos en forma gratuita.<\/p>\n\n\n\n<p>Asimismo, dijo, se ofrecer\u00e1 a sus visitantes una gran gama de juegos mec\u00e1nicos; charrer\u00eda; exposici\u00f3n ganadera; funciones de lucha libre; presentaci\u00f3n de actividades gastron\u00f3micas, culturales y deportivas, entre otras.<\/p>\n\n\n\n<p>Actuar\u00e1n en la FENADU 2024, artistas como Pop Tour, Pante\u00f3n Rococ\u00f3, Santa Fe Klan, Junior H, Platanito y Ojitos de Huevo, Lorenzo de Monteclaro, Lalo Mora, Banda El Mexicano y Los Mier, Mar\u00eda Jos\u00e9, Ana B\u00e1rbara, Matute, Bronco, Marcos Vidal, Gloria Gaynor, Humbe, Flow Picus, Ed\u00e9n Mu\u00f1oz, Brincos Dieras, Juli\u00f3n \u00c1lvarez, Alfredo Olivas, Emmanuel y Mijares, entre otros.<\/p>\n","protected":false},"excerpt":{"rendered":"<p>\u2022&nbsp;&nbsp;&nbsp;&nbsp;&nbsp;&nbsp;&nbsp;&nbsp;&nbsp;&nbsp;&nbsp;&nbsp;&nbsp;&nbsp;&nbsp;&nbsp;&nbsp;&nbsp;&nbsp;&nbsp;&nbsp;&nbsp;&nbsp;&nbsp;&nbsp;&nbsp;&nbsp;&nbsp;&nbsp;Como parte del convenio de promoci\u00f3n mutua en materia tur\u00edstica y cultural entre ambas entidades \u2022&nbsp;&nbsp;&nbsp;&nbsp;&nbsp;&nbsp;&nbsp;&nbsp;&nbsp;&nbsp;&nbsp;&nbsp;&nbsp;&nbsp;&nbsp;&nbsp;&nbsp;&nbsp;&nbsp;&nbsp;&nbsp;&nbsp;&nbsp;&nbsp;&nbsp;&nbsp;&nbsp;&nbsp;&nbsp;Tradicionalmente, el 30% de sus visitantes son coahuilenses Saltillo, Coahuila de Zaragoza, a 23 de mayo de 2023.-&nbsp;&nbsp;En el marco de colaboraci\u00f3n y promoci\u00f3n mutua entre Coahuila y Durango, se present\u00f3 aqu\u00ed la Cartelera de la Feria Nacional \u201cFrancisco Villa\u201d [&hellip;]<\/p>\n","protected":false},"author":4,"featured_media":10008,"comment_status":"open","ping_status":"open","sticky":false,"template":"","format":"standard","meta":[],"categories":[204],"tags":[],"_links":{"self":[{"href":"https:\/\/alertasaltillo.com\/index.php\/wp-json\/wp\/v2\/posts\/10007"}],"collection":[{"href":"https:\/\/alertasaltillo.com\/index.php\/wp-json\/wp\/v2\/posts"}],"about":[{"href":"https:\/\/alertasaltillo.com\/index.php\/wp-json\/wp\/v2\/types\/post"}],"author":[{"embeddable":true,"href":"https:\/\/alertasaltillo.com\/index.php\/wp-json\/wp\/v2\/users\/4"}],"replies":[{"embeddable":true,"href":"https:\/\/alertasaltillo.com\/index.php\/wp-json\/wp\/v2\/comments?post=10007"}],"version-history":[{"count":1,"href":"https:\/\/alertasaltillo.com\/index.php\/wp-json\/wp\/v2\/posts\/10007\/revisions"}],"predecessor-version":[{"id":10009,"href":"https:\/\/alertasaltillo.com\/index.php\/wp-json\/wp\/v2\/posts\/10007\/revisions\/10009"}],"wp:featuredmedia":[{"embeddable":true,"href":"https:\/\/alertasaltillo.com\/index.php\/wp-json\/wp\/v2\/media\/10008"}],"wp:attachment":[{"href":"https:\/\/alertasaltillo.com\/index.php\/wp-json\/wp\/v2\/media?parent=10007"}],"wp:term":[{"taxonomy":"category","embeddable":true,"href":"https:\/\/alertasaltillo.com\/index.php\/wp-json\/wp\/v2\/categories?post=10007"},{"taxonomy":"post_tag","embeddable":true,"href":"https:\/\/alertasaltillo.com\/index.php\/wp-json\/wp\/v2\/tags?post=10007"}],"curies":[{"name":"wp","href":"https:\/\/api.w.org\/{rel}","templated":true}]}}